{"id":150,"date":"2013-09-27T12:38:46","date_gmt":"2013-09-27T11:38:46","guid":{"rendered":"http:\/\/chemin-fer-baie-saint-brieuc.fr\/wordpress\/?p=150"},"modified":"2015-06-04T12:39:18","modified_gmt":"2015-06-04T11:39:18","slug":"exposition-le-train-tout-un-monde","status":"publish","type":"post","link":"https:\/\/chemin-fer-baie-saint-brieuc.fr\/wordpress\/exposition-le-train-tout-un-monde\/","title":{"rendered":"Exposition \u00ab\u00a0Le train, tout un monde !\u00a0\u00bb"},"content":{"rendered":"<p>Du 27 septembre au 8 octobre, la ville de Saint-Brieuc organise au Carr\u00e9 Rosengart l&rsquo;exposition \u00ab\u00a0Le train, tout un monde !\u00a0\u00bb. Cette exposition fait partie du programme des manifestations coordonn\u00e9es par la ville de Saint-Brieuc dans le cadre de la comm\u00e9moration du 150\u00e8me anniversaire de l&rsquo;arriv\u00e9e du train \u00e0 Saint-Brieuc.<\/p>\n<p>Le <strong>Club Cartophile des C\u00f4tes d&rsquo;Armor<\/strong> pr\u00e9sente une collection de cartes postales\u00a0anciennes consacr\u00e9es \u00e0 l&rsquo;arriv\u00e9e du train et aux \u00e9v\u00e9nements marquants de 1905 \u00e0 nos jours,\u00a0comme par exemple la visite du G\u00e9n\u00e9ral de Gaulle.<\/p>\n<p>Le<strong> Club philat\u00e9lique briochin<\/strong> propose une s\u00e9lection de sa riche collection de timbres,\u00a0consacr\u00e9e au monde ferroviaire. Il \u00e9met une carte (et enveloppe) ainsi qu&rsquo;un cachet\u00a0sp\u00e9cial \u00ab\u00a0Glais Bizoin &#8211; 150 ans du train\u00a0\u00bb. Un bureau de poste temporaire, mais n\u00e9anmoins\u00a0officiel, sera install\u00e9 \u00e0 cette occasion puisque La Poste \u00e9met, \u00e0 l\u2019initiative du club, un cachet\u00a0sp\u00e9cial pour l\u2019\u00e9v\u00e9nement.<\/p>\n<p>Une partie de la collection de <strong>Monsieur Yvon Pageot<\/strong> sera pr\u00e9sent\u00e9e au public. Elle est\u00a0constitu\u00e9e de mod\u00e8les r\u00e9duits de locomotives r\u00e9alis\u00e9s par ses soins et de ceux qu&rsquo;il a\u00a0collect\u00e9s au fil des ans. Sa collection va des trains qui circulaient dans les ann\u00e9es 30 \u00e0 ceux\u00a0qui circulent encore. Autorails, locomotives \u00e0 vapeur, diesels, motrices&#8230; Pr\u00e9sentation en\u00a0vitrine avec accessoires r\u00e9els et documentation.<\/p>\n<p>L&rsquo;<strong>Association des Chemins de Fer des C\u00f4tes du Nord<\/strong> montrera des maquettes\u00a0reproduisant fid\u00e8lement les ouvrages d&rsquo;art ferroviaires d&rsquo;Harel de la No\u00eb, le c\u00e9l\u00e8bre\u00a0architecte. Huit d&rsquo;entre elles ont \u00e9t\u00e9 r\u00e9alis\u00e9es par Marcel Lemoine (Souzain, Rohannec&rsquo;h,\u00a0Douvenant, gare centrale) et une derni\u00e8re, le viaduc des Ponts Neufs, par Alain Roynard,\u00a0membre de l&rsquo;Association Harel de la No\u00eb d&rsquo;Hillion.<\/p>\n<p>Documentation, images, objets, pr\u00eat\u00e9s par des passionn\u00e9s &#8230; seront \u00e9galement pr\u00e9sent\u00e9s\u00a0pour le plaisir des visiteurs.<\/p>\n<p>Voir <a href=\"http:\/\/chemin-fer-baie-saint-brieuc.fr\/images\/acfcdn\/exposition_150ans_depliant.pdf\">le d\u00e9pliant de la manifestation<\/a><\/p>\n<p>Voir <a href=\"http:\/\/chemin-fer-baie-saint-brieuc.fr\/images\/acfcdn\/exposition_150ans.pdf\">le communiqu\u00e9 de presse<\/a><\/p>\n","protected":false},"excerpt":{"rendered":"<p>Du 27 septembre au 8 octobre, la ville de Saint-Brieuc organise au Carr\u00e9 Rosengart l&rsquo;exposition \u00ab\u00a0Le train, tout un monde !\u00a0\u00bb. Cette exposition fait partie du programme des manifestations coordonn\u00e9es par la ville de Saint-Brieuc dans le cadre de la comm\u00e9moration du 150\u00e8me anniversaire de l&rsquo;arriv\u00e9e du train \u00e0 Saint-Brieuc. Le Club Cartophile des C\u00f4tes <a class=\"more-link\" href=\"https:\/\/chemin-fer-baie-saint-brieuc.fr\/wordpress\/exposition-le-train-tout-un-monde\/\">Lire plus &#8230;<\/a><\/p>\n","protected":false},"author":1,"featured_media":0,"comment_status":"closed","ping_status":"open","sticky":false,"template":"","format":"standard","meta":{"_exactmetrics_skip_tracking":false,"_exactmetrics_sitenote_active":false,"_exactmetrics_sitenote_note":"","_exactmetrics_sitenote_category":0,"footnotes":""},"categories":[5],"tags":[],"class_list":["post-150","post","type-post","status-publish","format-standard","hentry","category-actualites"],"_links":{"self":[{"href":"https:\/\/chemin-fer-baie-saint-brieuc.fr\/wordpress\/wp-json\/wp\/v2\/posts\/150","targetHints":{"allow":["GET"]}}],"collection":[{"href":"https:\/\/chemin-fer-baie-saint-brieuc.fr\/wordpress\/wp-json\/wp\/v2\/posts"}],"about":[{"href":"https:\/\/chemin-fer-baie-saint-brieuc.fr\/wordpress\/wp-json\/wp\/v2\/types\/post"}],"author":[{"embeddable":true,"href":"https:\/\/chemin-fer-baie-saint-brieuc.fr\/wordpress\/wp-json\/wp\/v2\/users\/1"}],"replies":[{"embeddable":true,"href":"https:\/\/chemin-fer-baie-saint-brieuc.fr\/wordpress\/wp-json\/wp\/v2\/comments?post=150"}],"version-history":[{"count":1,"href":"https:\/\/chemin-fer-baie-saint-brieuc.fr\/wordpress\/wp-json\/wp\/v2\/posts\/150\/revisions"}],"predecessor-version":[{"id":151,"href":"https:\/\/chemin-fer-baie-saint-brieuc.fr\/wordpress\/wp-json\/wp\/v2\/posts\/150\/revisions\/151"}],"wp:attachment":[{"href":"https:\/\/chemin-fer-baie-saint-brieuc.fr\/wordpress\/wp-json\/wp\/v2\/media?parent=150"}],"wp:term":[{"taxonomy":"category","embeddable":true,"href":"https:\/\/chemin-fer-baie-saint-brieuc.fr\/wordpress\/wp-json\/wp\/v2\/categories?post=150"},{"taxonomy":"post_tag","embeddable":true,"href":"https:\/\/chemin-fer-baie-saint-brieuc.fr\/wordpress\/wp-json\/wp\/v2\/tags?post=150"}],"curies":[{"name":"wp","href":"https:\/\/api.w.org\/{rel}","templated":true}]}}