{"id":486,"date":"2018-03-25T13:58:26","date_gmt":"2018-03-25T12:58:26","guid":{"rendered":"https:\/\/chemin-fer-baie-saint-brieuc.fr\/wordpress\/?p=486"},"modified":"2018-03-25T13:58:26","modified_gmt":"2018-03-25T12:58:26","slug":"prestation-en-voie-de-40","status":"publish","type":"post","link":"https:\/\/chemin-fer-baie-saint-brieuc.fr\/wordpress\/prestation-en-voie-de-40\/","title":{"rendered":"Prestation en voie de 40"},"content":{"rendered":"<div id=\"attachment_487\" style=\"width: 310px\" class=\"wp-caption aligncenter\"><a href=\"https:\/\/chemin-fer-baie-saint-brieuc.fr\/wordpress\/wp-content\/uploads\/2018\/03\/Expo-V40.jpg\"><img loading=\"lazy\" decoding=\"async\" aria-describedby=\"caption-attachment-487\" class=\"size-medium wp-image-487\" src=\"https:\/\/chemin-fer-baie-saint-brieuc.fr\/wordpress\/wp-content\/uploads\/2018\/03\/Expo-V40-300x225.jpg\" alt=\"Le Tramway \u00e0 Pl\u00e9dran\" width=\"300\" height=\"225\" srcset=\"https:\/\/chemin-fer-baie-saint-brieuc.fr\/wordpress\/wp-content\/uploads\/2018\/03\/Expo-V40-300x225.jpg 300w, https:\/\/chemin-fer-baie-saint-brieuc.fr\/wordpress\/wp-content\/uploads\/2018\/03\/Expo-V40-768x576.jpg 768w, https:\/\/chemin-fer-baie-saint-brieuc.fr\/wordpress\/wp-content\/uploads\/2018\/03\/Expo-V40-1024x768.jpg 1024w\" sizes=\"auto, (max-width: 300px) 100vw, 300px\" \/><\/a><p id=\"caption-attachment-487\" class=\"wp-caption-text\">Prestation du Tramway de Boutdeville \u00e0 Pl\u00e9dran<\/p><\/div>\n<p>Le Chemin de Fer de la Baie de Somme nous ayant invit\u00e9 avec le Tramway de Boutdeville, nous avions pr\u00e9par\u00e9 des voies portables. Ce circuit limit\u00e9 \u00e0 quelques m\u00e8tres en ligne droite donc parcourus en allers-retours a connu un succ\u00e8s d\u00e9passant nos esp\u00e9rances. Il fut donc d\u00e9cid\u00e9 d&rsquo;\u00e9tudier la possibilit\u00e9 de proposer cette prestation lors d&rsquo;autres manifestations. Toutefois il \u00e9tait pr\u00e9f\u00e9rable d&rsquo;avoir un parcours circulaire plut\u00f4t que des allers-retours ce qui fut possible avec l&rsquo;acquisition de mat\u00e9riel suppl\u00e9mentaire.<\/p>\n<p>Depuis, le Tramway de Boutdeville a particip\u00e9 \u00e0 plusieurs manifestations organis\u00e9es par des collectivit\u00e9s locales \u00e0 Hillion, \u00e0 Pl\u00e9dran ou encore \u00e0 Langueux pour le t\u00e9l\u00e9thon.\u00a0 A chaque fois, les visiteurs sont ravis ce qui nous conforte dans l&rsquo;id\u00e9e de proposer \u00e0 l&rsquo;avenir cette prestation \u00e0 d&rsquo;autres collectivit\u00e9s.<\/p>\n","protected":false},"excerpt":{"rendered":"<p>Le Chemin de Fer de la Baie de Somme nous ayant invit\u00e9 avec le Tramway de Boutdeville, nous avions pr\u00e9par\u00e9 des voies portables. Ce circuit limit\u00e9 \u00e0 quelques m\u00e8tres en ligne droite donc parcourus en allers-retours a connu un succ\u00e8s d\u00e9passant nos esp\u00e9rances. Il fut donc d\u00e9cid\u00e9 d&rsquo;\u00e9tudier la possibilit\u00e9 de proposer cette prestation lors <a class=\"more-link\" href=\"https:\/\/chemin-fer-baie-saint-brieuc.fr\/wordpress\/prestation-en-voie-de-40\/\">Lire plus &#8230;<\/a><\/p>\n","protected":false},"author":1,"featured_media":487,"comment_status":"closed","ping_status":"open","sticky":false,"template":"","format":"standard","meta":{"_exactmetrics_skip_tracking":false,"_exactmetrics_sitenote_active":false,"_exactmetrics_sitenote_note":"","_exactmetrics_sitenote_category":0,"footnotes":""},"categories":[5],"tags":[],"class_list":["post-486","post","type-post","status-publish","format-standard","has-post-thumbnail","hentry","category-actualites"],"_links":{"self":[{"href":"https:\/\/chemin-fer-baie-saint-brieuc.fr\/wordpress\/wp-json\/wp\/v2\/posts\/486","targetHints":{"allow":["GET"]}}],"collection":[{"href":"https:\/\/chemin-fer-baie-saint-brieuc.fr\/wordpress\/wp-json\/wp\/v2\/posts"}],"about":[{"href":"https:\/\/chemin-fer-baie-saint-brieuc.fr\/wordpress\/wp-json\/wp\/v2\/types\/post"}],"author":[{"embeddable":true,"href":"https:\/\/chemin-fer-baie-saint-brieuc.fr\/wordpress\/wp-json\/wp\/v2\/users\/1"}],"replies":[{"embeddable":true,"href":"https:\/\/chemin-fer-baie-saint-brieuc.fr\/wordpress\/wp-json\/wp\/v2\/comments?post=486"}],"version-history":[{"count":1,"href":"https:\/\/chemin-fer-baie-saint-brieuc.fr\/wordpress\/wp-json\/wp\/v2\/posts\/486\/revisions"}],"predecessor-version":[{"id":488,"href":"https:\/\/chemin-fer-baie-saint-brieuc.fr\/wordpress\/wp-json\/wp\/v2\/posts\/486\/revisions\/488"}],"wp:featuredmedia":[{"embeddable":true,"href":"https:\/\/chemin-fer-baie-saint-brieuc.fr\/wordpress\/wp-json\/wp\/v2\/media\/487"}],"wp:attachment":[{"href":"https:\/\/chemin-fer-baie-saint-brieuc.fr\/wordpress\/wp-json\/wp\/v2\/media?parent=486"}],"wp:term":[{"taxonomy":"category","embeddable":true,"href":"https:\/\/chemin-fer-baie-saint-brieuc.fr\/wordpress\/wp-json\/wp\/v2\/categories?post=486"},{"taxonomy":"post_tag","embeddable":true,"href":"https:\/\/chemin-fer-baie-saint-brieuc.fr\/wordpress\/wp-json\/wp\/v2\/tags?post=486"}],"curies":[{"name":"wp","href":"https:\/\/api.w.org\/{rel}","templated":true}]}}