{"id":732,"date":"2024-05-07T14:52:33","date_gmt":"2024-05-07T13:52:33","guid":{"rendered":"https:\/\/chemin-fer-baie-saint-brieuc.fr\/wordpress\/?p=732"},"modified":"2024-05-07T14:53:03","modified_gmt":"2024-05-07T13:53:03","slug":"ca-chauffe-a-langueux-16-juin-2024","status":"publish","type":"post","link":"https:\/\/chemin-fer-baie-saint-brieuc.fr\/wordpress\/ca-chauffe-a-langueux-16-juin-2024\/","title":{"rendered":"\u00c7a chauffe \u00e0 Langueux &#8211; 16 juin 2024"},"content":{"rendered":"<div class=\"wp-block-image\">\n<figure class=\"alignleft size-large is-resized\"><a href=\"https:\/\/chemin-fer-baie-saint-brieuc.fr\/wordpress\/wp-content\/uploads\/2024\/05\/Vapeur2024.jpg\"><img loading=\"lazy\" decoding=\"async\" width=\"721\" height=\"1024\" src=\"https:\/\/chemin-fer-baie-saint-brieuc.fr\/wordpress\/wp-content\/uploads\/2024\/05\/Vapeur2024-721x1024.jpg\" alt=\"\" class=\"wp-image-733\" style=\"width:413px;height:auto\" srcset=\"https:\/\/chemin-fer-baie-saint-brieuc.fr\/wordpress\/wp-content\/uploads\/2024\/05\/Vapeur2024-721x1024.jpg 721w, https:\/\/chemin-fer-baie-saint-brieuc.fr\/wordpress\/wp-content\/uploads\/2024\/05\/Vapeur2024-211x300.jpg 211w, https:\/\/chemin-fer-baie-saint-brieuc.fr\/wordpress\/wp-content\/uploads\/2024\/05\/Vapeur2024-768x1090.jpg 768w, https:\/\/chemin-fer-baie-saint-brieuc.fr\/wordpress\/wp-content\/uploads\/2024\/05\/Vapeur2024.jpg 874w\" sizes=\"auto, (max-width: 721px) 100vw, 721px\" \/><\/a><\/figure>\n<\/div>\n\n\n<p>\u00ab\u00a0\u00c7a chauffe \u00e0 Langueux\u00a0\u00bb le 16 juin. Pour ce premier dimanche des circulations, l\u2019Association organise un apr\u00e8s-midi de d\u00e9couvertes de machines fonctionnant \u00e0 la vapeur \u00e0 des \u00e9chelles diff\u00e9rentes ainsi qu&rsquo;une batteuse \u00e0 l\u2019ancienne.<\/p>\n\n\n\n<p>Un groupe de musique Pop \u00ab\u00a0Rose Premium\u00a0\u00bb animera l\u2019apr\u00e8s-midi pendant que les tramways embarqueront les visiteurs \u00e0 la d\u00e9couverte du parc de Boutdeville.<\/p>\n\n\n\n<p>Horaires\u00a0: de 14h30 \u00e0 18h.<\/p>\n\n\n\n<p>Tarifs 2,50 \u20ac \u00e0 partir de 2 ans. <br>Possibilit\u00e9 de tarifs coupl\u00e9s avec la Briqueterie, se renseigner \u00e0 l\u2019accueil. <\/p>\n\n\n\n<p>Visite de l\u2019exposition sur le chemin de fer des C\u00f4tes-du-Nord, boutique ouverte. Buvette.<\/p>\n\n\n\n<p>Pour rappel, \u00e0 partir du 1er juin et jusqu\u2019au 15 juin : ouvertures le mercredi et le samedi uniquement. Circulations le dimanche \u00e0 partir du 16 juin jusqu\u2019au 22 septembre.<\/p>\n\n\n\n<p><\/p>\n","protected":false},"excerpt":{"rendered":"<p>\u00ab\u00a0\u00c7a chauffe \u00e0 Langueux\u00a0\u00bb le 16 juin. Pour ce premier dimanche des circulations, l\u2019Association organise un apr\u00e8s-midi de d\u00e9couvertes de machines fonctionnant \u00e0 la vapeur \u00e0 des \u00e9chelles diff\u00e9rentes ainsi qu&rsquo;une batteuse \u00e0 l\u2019ancienne. Un groupe de musique Pop \u00ab\u00a0Rose Premium\u00a0\u00bb animera l\u2019apr\u00e8s-midi pendant que les tramways embarqueront les visiteurs \u00e0 la d\u00e9couverte du parc <a class=\"more-link\" href=\"https:\/\/chemin-fer-baie-saint-brieuc.fr\/wordpress\/ca-chauffe-a-langueux-16-juin-2024\/\">Lire plus &#8230;<\/a><\/p>\n","protected":false},"author":1,"featured_media":733,"comment_status":"closed","ping_status":"closed","sticky":false,"template":"","format":"standard","meta":{"_exactmetrics_skip_tracking":false,"_exactmetrics_sitenote_active":false,"_exactmetrics_sitenote_note":"","_exactmetrics_sitenote_category":0,"footnotes":""},"categories":[5],"tags":[],"class_list":["post-732","post","type-post","status-publish","format-standard","has-post-thumbnail","hentry","category-actualites"],"_links":{"self":[{"href":"https:\/\/chemin-fer-baie-saint-brieuc.fr\/wordpress\/wp-json\/wp\/v2\/posts\/732","targetHints":{"allow":["GET"]}}],"collection":[{"href":"https:\/\/chemin-fer-baie-saint-brieuc.fr\/wordpress\/wp-json\/wp\/v2\/posts"}],"about":[{"href":"https:\/\/chemin-fer-baie-saint-brieuc.fr\/wordpress\/wp-json\/wp\/v2\/types\/post"}],"author":[{"embeddable":true,"href":"https:\/\/chemin-fer-baie-saint-brieuc.fr\/wordpress\/wp-json\/wp\/v2\/users\/1"}],"replies":[{"embeddable":true,"href":"https:\/\/chemin-fer-baie-saint-brieuc.fr\/wordpress\/wp-json\/wp\/v2\/comments?post=732"}],"version-history":[{"count":1,"href":"https:\/\/chemin-fer-baie-saint-brieuc.fr\/wordpress\/wp-json\/wp\/v2\/posts\/732\/revisions"}],"predecessor-version":[{"id":734,"href":"https:\/\/chemin-fer-baie-saint-brieuc.fr\/wordpress\/wp-json\/wp\/v2\/posts\/732\/revisions\/734"}],"wp:featuredmedia":[{"embeddable":true,"href":"https:\/\/chemin-fer-baie-saint-brieuc.fr\/wordpress\/wp-json\/wp\/v2\/media\/733"}],"wp:attachment":[{"href":"https:\/\/chemin-fer-baie-saint-brieuc.fr\/wordpress\/wp-json\/wp\/v2\/media?parent=732"}],"wp:term":[{"taxonomy":"category","embeddable":true,"href":"https:\/\/chemin-fer-baie-saint-brieuc.fr\/wordpress\/wp-json\/wp\/v2\/categories?post=732"},{"taxonomy":"post_tag","embeddable":true,"href":"https:\/\/chemin-fer-baie-saint-brieuc.fr\/wordpress\/wp-json\/wp\/v2\/tags?post=732"}],"curies":[{"name":"wp","href":"https:\/\/api.w.org\/{rel}","templated":true}]}}