{"id":789,"date":"2025-06-03T12:41:23","date_gmt":"2025-06-03T11:41:23","guid":{"rendered":"https:\/\/chemin-fer-baie-saint-brieuc.fr\/wordpress\/?p=789"},"modified":"2025-09-18T08:15:10","modified_gmt":"2025-09-18T07:15:10","slug":"120eme-anniversaire-du-train-departemental-dimanche-21-septembre-2025","status":"publish","type":"post","link":"https:\/\/chemin-fer-baie-saint-brieuc.fr\/wordpress\/120eme-anniversaire-du-train-departemental-dimanche-21-septembre-2025\/","title":{"rendered":"120\u00e8me anniversaire du train d\u00e9partemental &#8211; dimanche 21 septembre 2025"},"content":{"rendered":"\n<p>Le dimanche 21 septembre 2025, de 10h \u00e0 18h au parc de Boutdeville, l\u2019association des Chemins de Fer des C\u00f4tes-du-Nord comm\u00e9more les 120 ans de l\u2019arriv\u00e9e du chemin de fer, venez nombreux !<\/p>\n\n\n<div class=\"wp-block-image\">\n<figure class=\"aligncenter\"><a class=\"fancybox image\" href=\"https:\/\/chemin-fer-baie-saint-brieuc.fr\/wordpress\/wp-content\/uploads\/2025\/09\/8c4f04f2-f2b1-455e-b6c7-add0d694d064.jpg\"><img loading=\"lazy\" decoding=\"async\" width=\"212\" height=\"300\" src=\"https:\/\/chemin-fer-baie-saint-brieuc.fr\/wordpress\/wp-content\/uploads\/2025\/09\/8c4f04f2-f2b1-455e-b6c7-add0d694d064-212x300.jpg\" alt=\"\" class=\"wp-image-813\" srcset=\"https:\/\/chemin-fer-baie-saint-brieuc.fr\/wordpress\/wp-content\/uploads\/2025\/09\/8c4f04f2-f2b1-455e-b6c7-add0d694d064-212x300.jpg 212w, https:\/\/chemin-fer-baie-saint-brieuc.fr\/wordpress\/wp-content\/uploads\/2025\/09\/8c4f04f2-f2b1-455e-b6c7-add0d694d064-725x1024.jpg 725w, https:\/\/chemin-fer-baie-saint-brieuc.fr\/wordpress\/wp-content\/uploads\/2025\/09\/8c4f04f2-f2b1-455e-b6c7-add0d694d064-768x1085.jpg 768w, https:\/\/chemin-fer-baie-saint-brieuc.fr\/wordpress\/wp-content\/uploads\/2025\/09\/8c4f04f2-f2b1-455e-b6c7-add0d694d064.jpg 796w\" sizes=\"auto, (max-width: 212px) 100vw, 212px\" \/><\/a><\/figure>\n<\/div>\n\n\n<p>Tout au long de la journ\u00e9e, vous pourrez d\u00e9couvrir une exposition exceptionnelle de mat\u00e9riel ferroviaire historique, de maquettes de ponts et de mat\u00e9riel \u00e0 vapeur vive. Des films retra\u00e7ant l\u2019histoire du train des C\u00f4tes-du-Nord seront \u00e9galement projet\u00e9s, accompagn\u00e9s de conf\u00e9rences th\u00e9matiques.<\/p>\n\n\n\n<p>De nombreuses animations viendront rythmer l\u2019\u00e9v\u00e9nement : jeux traditionnels en bois, structures gonflables, jeux de man\u0153uvre sur r\u00e9seau HO, atelier de construction en briques. Des v\u00e9hicules anciens \u2013 voitures et motos \u2013 seront \u00e9galement pr\u00e9sent\u00e9s au public.<\/p>\n\n\n\n<p>Des balades en poney, en cal\u00e8che ou \u00e0 bord des tramways de l\u2019association seront propos\u00e9es dans le parc. L\u2019ambiance sera assur\u00e9e par des d\u00e9monstrations de danses bretonnes et de la musique pop tout au long de la journ\u00e9e.<\/p>\n\n\n\n<p>Acc\u00e8s libre \u00e0 l\u2019\u00e9v\u00e9nement. Seules les activit\u00e9s suivantes seront payantes :<\/p>\n\n\n\n<p>Bapt\u00eame poney : 3 \u20ac<\/p>\n\n\n\n<p>Tour de cal\u00e8che : 5 \u20ac<\/p>\n\n\n\n<p>Tour de tramway (<em>\u00e0 partir de 2 ans<\/em>) : 2,50 \u20ac<\/p>\n\n\n\n<p><em>Un espace restauration sera \u00e0 disposition avec galettes-saucisses, cr\u00eapes et buvette<\/em>.<\/p>\n","protected":false},"excerpt":{"rendered":"<p>Le dimanche 21 septembre 2025, de 10h \u00e0 18h au parc de Boutdeville, l\u2019association des Chemins de Fer des C\u00f4tes-du-Nord comm\u00e9more les 120 ans de l\u2019arriv\u00e9e du chemin de fer, venez nombreux ! Tout au long de la journ\u00e9e, vous pourrez d\u00e9couvrir une exposition exceptionnelle de mat\u00e9riel ferroviaire historique, de maquettes de ponts et de <a class=\"more-link\" href=\"https:\/\/chemin-fer-baie-saint-brieuc.fr\/wordpress\/120eme-anniversaire-du-train-departemental-dimanche-21-septembre-2025\/\">Lire plus &#8230;<\/a><\/p>\n","protected":false},"author":1,"featured_media":0,"comment_status":"closed","ping_status":"closed","sticky":false,"template":"","format":"standard","meta":{"_exactmetrics_skip_tracking":false,"_exactmetrics_sitenote_active":false,"_exactmetrics_sitenote_note":"","_exactmetrics_sitenote_category":0,"footnotes":""},"categories":[1],"tags":[],"class_list":["post-789","post","type-post","status-publish","format-standard","hentry","category-non-classe"],"_links":{"self":[{"href":"https:\/\/chemin-fer-baie-saint-brieuc.fr\/wordpress\/wp-json\/wp\/v2\/posts\/789","targetHints":{"allow":["GET"]}}],"collection":[{"href":"https:\/\/chemin-fer-baie-saint-brieuc.fr\/wordpress\/wp-json\/wp\/v2\/posts"}],"about":[{"href":"https:\/\/chemin-fer-baie-saint-brieuc.fr\/wordpress\/wp-json\/wp\/v2\/types\/post"}],"author":[{"embeddable":true,"href":"https:\/\/chemin-fer-baie-saint-brieuc.fr\/wordpress\/wp-json\/wp\/v2\/users\/1"}],"replies":[{"embeddable":true,"href":"https:\/\/chemin-fer-baie-saint-brieuc.fr\/wordpress\/wp-json\/wp\/v2\/comments?post=789"}],"version-history":[{"count":2,"href":"https:\/\/chemin-fer-baie-saint-brieuc.fr\/wordpress\/wp-json\/wp\/v2\/posts\/789\/revisions"}],"predecessor-version":[{"id":832,"href":"https:\/\/chemin-fer-baie-saint-brieuc.fr\/wordpress\/wp-json\/wp\/v2\/posts\/789\/revisions\/832"}],"wp:attachment":[{"href":"https:\/\/chemin-fer-baie-saint-brieuc.fr\/wordpress\/wp-json\/wp\/v2\/media?parent=789"}],"wp:term":[{"taxonomy":"category","embeddable":true,"href":"https:\/\/chemin-fer-baie-saint-brieuc.fr\/wordpress\/wp-json\/wp\/v2\/categories?post=789"},{"taxonomy":"post_tag","embeddable":true,"href":"https:\/\/chemin-fer-baie-saint-brieuc.fr\/wordpress\/wp-json\/wp\/v2\/tags?post=789"}],"curies":[{"name":"wp","href":"https:\/\/api.w.org\/{rel}","templated":true}]}}