{"id":795,"date":"2025-06-11T15:19:05","date_gmt":"2025-06-11T14:19:05","guid":{"rendered":"https:\/\/chemin-fer-baie-saint-brieuc.fr\/wordpress\/?p=795"},"modified":"2025-06-11T15:19:05","modified_gmt":"2025-06-11T14:19:05","slug":"ca-roule-a-la-gare-de-plougonver-ce-dimanche-22-juin-e-brezhoneg","status":"publish","type":"post","link":"https:\/\/chemin-fer-baie-saint-brieuc.fr\/wordpress\/ca-roule-a-la-gare-de-plougonver-ce-dimanche-22-juin-e-brezhoneg\/","title":{"rendered":"\u00c7a roule \u00e0 la gare de Plougonver ce dimanche 22 juin\u00a0!\u00a0E brezhoneg\u00a0!"},"content":{"rendered":"\n<p>Pour ce jour (presque) le plus long de l\u2019ann\u00e9e, la gare ouvre ses portes d\u00e8s 12 h en accueillant les voitures anciennes de l\u2019association Belles et bielles d\u2019Armor (<strong>jusqu\u2019\u00e0 15 h<\/strong>).\u00a0Venues de tout le d\u00e9partement, une quarantaine de Renault, Simca, Peugeot mais aussi belles am\u00e9ricaines ou anglaises des ann\u00e9es 1950 ou plus feront halte quelques heures \u00e0 la gare. Et si vous arrivez costum\u00e9s comme dans ces ann\u00e9es-l\u00e0, un petit tour en voiture de collection est offert\u00a0!<\/p>\n\n\n\n<p><strong>\u00c0 partir de 14 h 30<\/strong>, une causerie aura lieu pour les bretonnants novices ou chevronn\u00e9s souhaitant entendre et parler le breton, mais aussi pour tous ceux qui veulent juste \u00e9couter vivre la langue du coin.<\/p>\n\n\n\n<p><strong>Ouvert de 12 h \u00e0 18 h<\/strong>. Gratuit. Buvette et cr\u00eapes.<\/p>\n\n\n\n<p><em>Kaozeadeg e brezhoneg a vez graet ur wezh bep miz abaoe miz Genver 2025 etre Bro Dreger ha Bro Gerne ! D\u2019ober petra ? Feiz, da gaout digarez da doulla\u00f1 kaoz e yezh ar vro evit ar re n\u2019o devez ket digarez a-walc\u2019h d\u2019ober. Un doare d\u2019en em veska\u00f1 gant brezhonegerien all, a bep sort, re o deus desket er g\u00ear pe re all o deus desket er skol, re yaouank ha re goshoc\u2019h ! E gar Plougonveur an hini eo e vo graet ar gaozeadeg da zont, d\u2019ar Sul 22 a viz Foenn adalek 2 e 30 goude kreisteiz !<\/em><\/p>\n\n\n\n<p>Des brittophones se retrouvent une fois par mois aux confins du Tr\u00e9gor et de la Cornouaille depuis janvier 2025 pour le plaisir de parler breton ensemble et de rencontrer d\u2019autres locuteurs\/locutrices. Dimanche 22 juin \u00e0 partir de 14 h 30, c\u2019est la gare de Plougonver qui accueillera la causerie mensuelle. Que vous ayez appris la langue \u00e0 la maison, \u00e0 l\u2019\u00e9cole, en cours du soir ou en formation longue\u2026 venez partager un bon moment et apprendre les uns des autres !<\/p>\n\n\n<div class=\"wp-block-image\">\n<figure class=\"aligncenter size-large\"><a href=\"https:\/\/chemin-fer-baie-saint-brieuc.fr\/wordpress\/wp-content\/uploads\/2025\/06\/affiche-gare-22-juin.jpg\"><img loading=\"lazy\" decoding=\"async\" width=\"724\" height=\"1024\" src=\"https:\/\/chemin-fer-baie-saint-brieuc.fr\/wordpress\/wp-content\/uploads\/2025\/06\/affiche-gare-22-juin-724x1024.jpg\" alt=\"\" class=\"wp-image-796\" srcset=\"https:\/\/chemin-fer-baie-saint-brieuc.fr\/wordpress\/wp-content\/uploads\/2025\/06\/affiche-gare-22-juin-724x1024.jpg 724w, https:\/\/chemin-fer-baie-saint-brieuc.fr\/wordpress\/wp-content\/uploads\/2025\/06\/affiche-gare-22-juin-212x300.jpg 212w, https:\/\/chemin-fer-baie-saint-brieuc.fr\/wordpress\/wp-content\/uploads\/2025\/06\/affiche-gare-22-juin-768x1087.jpg 768w, https:\/\/chemin-fer-baie-saint-brieuc.fr\/wordpress\/wp-content\/uploads\/2025\/06\/affiche-gare-22-juin.jpg 826w\" sizes=\"auto, (max-width: 724px) 100vw, 724px\" \/><\/a><\/figure>\n<\/div>","protected":false},"excerpt":{"rendered":"<p>Pour ce jour (presque) le plus long de l\u2019ann\u00e9e, la gare ouvre ses portes d\u00e8s 12 h en accueillant les voitures anciennes de l\u2019association Belles et bielles d\u2019Armor (jusqu\u2019\u00e0 15 h).\u00a0Venues de tout le d\u00e9partement, une quarantaine de Renault, Simca, Peugeot mais aussi belles am\u00e9ricaines ou anglaises des ann\u00e9es 1950 ou plus feront halte quelques <a class=\"more-link\" href=\"https:\/\/chemin-fer-baie-saint-brieuc.fr\/wordpress\/ca-roule-a-la-gare-de-plougonver-ce-dimanche-22-juin-e-brezhoneg\/\">Lire plus &#8230;<\/a><\/p>\n","protected":false},"author":1,"featured_media":0,"comment_status":"closed","ping_status":"closed","sticky":false,"template":"","format":"standard","meta":{"_exactmetrics_skip_tracking":false,"_exactmetrics_sitenote_active":false,"_exactmetrics_sitenote_note":"","_exactmetrics_sitenote_category":0,"footnotes":""},"categories":[5],"tags":[],"class_list":["post-795","post","type-post","status-publish","format-standard","hentry","category-actualites"],"_links":{"self":[{"href":"https:\/\/chemin-fer-baie-saint-brieuc.fr\/wordpress\/wp-json\/wp\/v2\/posts\/795","targetHints":{"allow":["GET"]}}],"collection":[{"href":"https:\/\/chemin-fer-baie-saint-brieuc.fr\/wordpress\/wp-json\/wp\/v2\/posts"}],"about":[{"href":"https:\/\/chemin-fer-baie-saint-brieuc.fr\/wordpress\/wp-json\/wp\/v2\/types\/post"}],"author":[{"embeddable":true,"href":"https:\/\/chemin-fer-baie-saint-brieuc.fr\/wordpress\/wp-json\/wp\/v2\/users\/1"}],"replies":[{"embeddable":true,"href":"https:\/\/chemin-fer-baie-saint-brieuc.fr\/wordpress\/wp-json\/wp\/v2\/comments?post=795"}],"version-history":[{"count":1,"href":"https:\/\/chemin-fer-baie-saint-brieuc.fr\/wordpress\/wp-json\/wp\/v2\/posts\/795\/revisions"}],"predecessor-version":[{"id":797,"href":"https:\/\/chemin-fer-baie-saint-brieuc.fr\/wordpress\/wp-json\/wp\/v2\/posts\/795\/revisions\/797"}],"wp:attachment":[{"href":"https:\/\/chemin-fer-baie-saint-brieuc.fr\/wordpress\/wp-json\/wp\/v2\/media?parent=795"}],"wp:term":[{"taxonomy":"category","embeddable":true,"href":"https:\/\/chemin-fer-baie-saint-brieuc.fr\/wordpress\/wp-json\/wp\/v2\/categories?post=795"},{"taxonomy":"post_tag","embeddable":true,"href":"https:\/\/chemin-fer-baie-saint-brieuc.fr\/wordpress\/wp-json\/wp\/v2\/tags?post=795"}],"curies":[{"name":"wp","href":"https:\/\/api.w.org\/{rel}","templated":true}]}}